{"id":1696,"date":"2019-06-20T23:02:21","date_gmt":"2019-06-21T04:02:21","guid":{"rendered":"http:\/\/bicishop.com.ec\/appweb\/?p=1696"},"modified":"2019-06-20T23:02:21","modified_gmt":"2019-06-21T04:02:21","slug":"vuelta-ibarra-epic-2019","status":"publish","type":"post","link":"http:\/\/bicishop.com.ec\/appweb\/vuelta-ibarra-epic-2019\/","title":{"rendered":"VUELTA IBARRA EPIC 2019"},"content":{"rendered":"<p>Este a\u00f1o nuestro evento ser\u00e1 una carrera de MTB por etapas para 6 categor\u00edas: con una etapa flash crono-escalada y XCO el d\u00eda viernes 27 de septiembre en la loma de Guayabillas 10km a las 15:00 horas 300 m +; la primera etapa ser\u00e1n 67 km por el valle de salinas 1000m desnivel + y el dia domingo 29 tendremos el Cross Country Maraton 52km con 1300 m + y 28km en la tradicional Vuelta a Ibarra recorriendo parroquias urbanas, Imbaya, Chaltura, Natabuela, San Antonio, Caranqui, La Esperanza y terminando en el bosque protector guayabillas, para todas las categor\u00edas principiantes ejecutivos y damas premiaci\u00f3n econ\u00f3mica a los 3 primeros de cada categor\u00eda, nivel t\u00e9cnico y exigencia media&#8230; prep\u00e1rate para disfrutar de un evento diferente el 27,28 y 29 septiembre 2019&#8230;..Disfruta del ciclismo a fondo&#8230;un evento BICISHOP&#8230;<a href=\"https:\/\/i0.wp.com\/bicishop.com.ec\/appweb\/wp-content\/uploads\/2019\/06\/64345479_2187064971362213_3786282252908888064_n.jpg\"><img fetchpriority=\"high\" decoding=\"async\" class=\"alignnone size-full wp-image-1697\" src=\"https:\/\/i0.wp.com\/bicishop.com.ec\/appweb\/wp-content\/uploads\/2019\/06\/64345479_2187064971362213_3786282252908888064_n.jpg?resize=720%2C480\" alt=\"64345479_2187064971362213_3786282252908888064_n\" width=\"720\" height=\"480\" srcset=\"https:\/\/i0.wp.com\/bicishop.com.ec\/appweb\/wp-content\/uploads\/2019\/06\/64345479_2187064971362213_3786282252908888064_n.jpg?w=720 720w, https:\/\/i0.wp.com\/bicishop.com.ec\/appweb\/wp-content\/uploads\/2019\/06\/64345479_2187064971362213_3786282252908888064_n.jpg?resize=300%2C200 300w\" sizes=\"(max-width: 720px) 100vw, 720px\" data-recalc-dims=\"1\" \/><\/a><\/p>\n","protected":false},"excerpt":{"rendered":"<p>Este a\u00f1o nuestro evento ser\u00e1 una carrera de MTB por etapas para 6 categor\u00edas: con una etapa flash crono-escalada y&hellip;<\/p>\n","protected":false},"author":2,"featured_media":1697,"comment_status":"open","ping_status":"open","sticky":false,"template":"","format":"standard","meta":{"jetpack_post_was_ever_published":false,"_jetpack_newsletter_access":"","_jetpack_dont_email_post_to_subs":false,"_jetpack_newsletter_tier_id":0,"footnotes":"","jetpack_publicize_message":"","jetpack_publicize_feature_enabled":true,"jetpack_social_post_already_shared":true,"jetpack_social_options":{"image_generator_settings":{"template":"highway","enabled":false}}},"categories":[114],"tags":[],"jetpack_publicize_connections":[],"jetpack_featured_media_url":"https:\/\/i0.wp.com\/bicishop.com.ec\/appweb\/wp-content\/uploads\/2019\/06\/64345479_2187064971362213_3786282252908888064_n.jpg?fit=720%2C480","jetpack_sharing_enabled":true,"jetpack_shortlink":"https:\/\/wp.me\/p6NO28-rm","_links":{"self":[{"href":"http:\/\/bicishop.com.ec\/appweb\/wp-json\/wp\/v2\/posts\/1696"}],"collection":[{"href":"http:\/\/bicishop.com.ec\/appweb\/wp-json\/wp\/v2\/posts"}],"about":[{"href":"http:\/\/bicishop.com.ec\/appweb\/wp-json\/wp\/v2\/types\/post"}],"author":[{"embeddable":true,"href":"http:\/\/bicishop.com.ec\/appweb\/wp-json\/wp\/v2\/users\/2"}],"replies":[{"embeddable":true,"href":"http:\/\/bicishop.com.ec\/appweb\/wp-json\/wp\/v2\/comments?post=1696"}],"version-history":[{"count":1,"href":"http:\/\/bicishop.com.ec\/appweb\/wp-json\/wp\/v2\/posts\/1696\/revisions"}],"predecessor-version":[{"id":1698,"href":"http:\/\/bicishop.com.ec\/appweb\/wp-json\/wp\/v2\/posts\/1696\/revisions\/1698"}],"wp:featuredmedia":[{"embeddable":true,"href":"http:\/\/bicishop.com.ec\/appweb\/wp-json\/wp\/v2\/media\/1697"}],"wp:attachment":[{"href":"http:\/\/bicishop.com.ec\/appweb\/wp-json\/wp\/v2\/media?parent=1696"}],"wp:term":[{"taxonomy":"category","embeddable":true,"href":"http:\/\/bicishop.com.ec\/appweb\/wp-json\/wp\/v2\/categories?post=1696"},{"taxonomy":"post_tag","embeddable":true,"href":"http:\/\/bicishop.com.ec\/appweb\/wp-json\/wp\/v2\/tags?post=1696"}],"curies":[{"name":"wp","href":"https:\/\/api.w.org\/{rel}","templated":true}]}}