{"id":1318,"date":"2016-09-08T15:46:49","date_gmt":"2016-09-08T20:46:49","guid":{"rendered":"http:\/\/bicishop.com.ec\/appweb\/?p=1318"},"modified":"2016-09-08T15:53:36","modified_gmt":"2016-09-08T20:53:36","slug":"reconocimiento-de-la-vuelta-a-ibarra","status":"publish","type":"post","link":"http:\/\/bicishop.com.ec\/appweb\/reconocimiento-de-la-vuelta-a-ibarra\/","title":{"rendered":"RECONOCIMIENTO DE LA VUELTA A IBARRA"},"content":{"rendered":"<p>Este domingo 04 de septiembre se realiz\u00f3 el reconocimiento oficial de la Vuelta a Ibarra en los 25 km para los entusiastas del ciclismo y con car\u00e1cter recreativo y los 50 km para deportistas que han completado esta distancia en entrenamientos, muchos son los comentarios positivos de esta ruta por la belleza de los paisajes, el paso por caminos de haciendas que nos permiten apreciar al volc\u00e1n Cotacachi y luego transitar por las faldas del majestuoso Imbabura observando al fondo desde la esperanza el volc\u00e1n Cayambe teniendo siempre el paisaje de la ciudad como fondo de nuestra traves\u00eda en la vuelta a la Ciudad Blanca, recorriendo sus diferentes parroquias, as\u00ed lo demuestran varias de nuestras postales de quienes nos acompa\u00f1aron; el pr\u00f3ximo domingo se realizara nuevamente el reconocimiento partiendo desde la intersecci\u00f3n a de las Avenidas Fray Vacas Galindo y Crist\u00f3bal de Troya esquina Panader\u00eda Antojitos de Colombia.<a href=\"https:\/\/i0.wp.com\/bicishop.com.ec\/appweb\/wp-content\/uploads\/2016\/09\/14224682_10210317013983212_3939867119751267067_n.jpg\"><img fetchpriority=\"high\" decoding=\"async\" class=\"alignnone size-medium wp-image-1339\" src=\"https:\/\/i0.wp.com\/bicishop.com.ec\/appweb\/wp-content\/uploads\/2016\/09\/14224682_10210317013983212_3939867119751267067_n.jpg?resize=300%2C169\" alt=\"14224682_10210317013983212_3939867119751267067_n\" width=\"300\" height=\"169\" srcset=\"https:\/\/i0.wp.com\/bicishop.com.ec\/appweb\/wp-content\/uploads\/2016\/09\/14224682_10210317013983212_3939867119751267067_n.jpg?resize=300%2C169 300w, https:\/\/i0.wp.com\/bicishop.com.ec\/appweb\/wp-content\/uploads\/2016\/09\/14224682_10210317013983212_3939867119751267067_n.jpg?w=960 960w\" sizes=\"(max-width: 300px) 100vw, 300px\" data-recalc-dims=\"1\" \/><\/a><a href=\"https:\/\/i0.wp.com\/bicishop.com.ec\/appweb\/wp-content\/uploads\/2016\/09\/14238301_10209047502098140_2310408744365248866_n.jpg\"><img decoding=\"async\" class=\"alignnone size-medium wp-image-1334\" src=\"https:\/\/i0.wp.com\/bicishop.com.ec\/appweb\/wp-content\/uploads\/2016\/09\/14238301_10209047502098140_2310408744365248866_n.jpg?resize=300%2C238\" alt=\"14238301_10209047502098140_2310408744365248866_n\" width=\"300\" height=\"238\" srcset=\"https:\/\/i0.wp.com\/bicishop.com.ec\/appweb\/wp-content\/uploads\/2016\/09\/14238301_10209047502098140_2310408744365248866_n.jpg?resize=300%2C238 300w, https:\/\/i0.wp.com\/bicishop.com.ec\/appweb\/wp-content\/uploads\/2016\/09\/14238301_10209047502098140_2310408744365248866_n.jpg?w=960 960w\" sizes=\"(max-width: 300px) 100vw, 300px\" data-recalc-dims=\"1\" \/><\/a><a href=\"https:\/\/i0.wp.com\/bicishop.com.ec\/appweb\/wp-content\/uploads\/2016\/09\/14232369_10209047498938061_5019097056921005846_n.jpg\"><img decoding=\"async\" class=\"alignnone size-medium wp-image-1342\" src=\"https:\/\/i0.wp.com\/bicishop.com.ec\/appweb\/wp-content\/uploads\/2016\/09\/14232369_10209047498938061_5019097056921005846_n.jpg?resize=282%2C300\" alt=\"14232369_10209047498938061_5019097056921005846_n\" width=\"282\" height=\"300\" srcset=\"https:\/\/i0.wp.com\/bicishop.com.ec\/appweb\/wp-content\/uploads\/2016\/09\/14232369_10209047498938061_5019097056921005846_n.jpg?resize=282%2C300 282w, https:\/\/i0.wp.com\/bicishop.com.ec\/appweb\/wp-content\/uploads\/2016\/09\/14232369_10209047498938061_5019097056921005846_n.jpg?w=902 902w\" sizes=\"(max-width: 282px) 100vw, 282px\" data-recalc-dims=\"1\" \/><\/a><a href=\"https:\/\/i0.wp.com\/bicishop.com.ec\/appweb\/wp-content\/uploads\/2016\/09\/14237718_10209047498218043_2262162750964177604_n.jpg\"><img loading=\"lazy\" decoding=\"async\" class=\"alignnone size-medium wp-image-1343\" src=\"https:\/\/i0.wp.com\/bicishop.com.ec\/appweb\/wp-content\/uploads\/2016\/09\/14237718_10209047498218043_2262162750964177604_n.jpg?resize=300%2C225\" alt=\"14237718_10209047498218043_2262162750964177604_n\" width=\"300\" height=\"225\" srcset=\"https:\/\/i0.wp.com\/bicishop.com.ec\/appweb\/wp-content\/uploads\/2016\/09\/14237718_10209047498218043_2262162750964177604_n.jpg?resize=300%2C225 300w, https:\/\/i0.wp.com\/bicishop.com.ec\/appweb\/wp-content\/uploads\/2016\/09\/14237718_10209047498218043_2262162750964177604_n.jpg?w=960 960w\" sizes=\"(max-width: 300px) 100vw, 300px\" data-recalc-dims=\"1\" \/><\/a><\/p>\n","protected":false},"excerpt":{"rendered":"<p>Este domingo 04 de septiembre se realiz\u00f3 el reconocimiento oficial de la Vuelta a Ibarra en los 25 km para&hellip;<\/p>\n","protected":false},"author":2,"featured_media":1339,"comment_status":"open","ping_status":"open","sticky":false,"template":"","format":"image","meta":{"jetpack_post_was_ever_published":false,"_jetpack_newsletter_access":"","_jetpack_dont_email_post_to_subs":false,"_jetpack_newsletter_tier_id":0,"footnotes":"","jetpack_publicize_message":"","jetpack_publicize_feature_enabled":true,"jetpack_social_post_already_shared":true,"jetpack_social_options":{"image_generator_settings":{"template":"highway","enabled":false}}},"categories":[114],"tags":[],"jetpack_publicize_connections":[],"jetpack_featured_media_url":"https:\/\/i0.wp.com\/bicishop.com.ec\/appweb\/wp-content\/uploads\/2016\/09\/14224682_10210317013983212_3939867119751267067_n.jpg?fit=960%2C540","jetpack_sharing_enabled":true,"jetpack_shortlink":"https:\/\/wp.me\/p6NO28-lg","_links":{"self":[{"href":"http:\/\/bicishop.com.ec\/appweb\/wp-json\/wp\/v2\/posts\/1318"}],"collection":[{"href":"http:\/\/bicishop.com.ec\/appweb\/wp-json\/wp\/v2\/posts"}],"about":[{"href":"http:\/\/bicishop.com.ec\/appweb\/wp-json\/wp\/v2\/types\/post"}],"author":[{"embeddable":true,"href":"http:\/\/bicishop.com.ec\/appweb\/wp-json\/wp\/v2\/users\/2"}],"replies":[{"embeddable":true,"href":"http:\/\/bicishop.com.ec\/appweb\/wp-json\/wp\/v2\/comments?post=1318"}],"version-history":[{"count":3,"href":"http:\/\/bicishop.com.ec\/appweb\/wp-json\/wp\/v2\/posts\/1318\/revisions"}],"predecessor-version":[{"id":1345,"href":"http:\/\/bicishop.com.ec\/appweb\/wp-json\/wp\/v2\/posts\/1318\/revisions\/1345"}],"wp:featuredmedia":[{"embeddable":true,"href":"http:\/\/bicishop.com.ec\/appweb\/wp-json\/wp\/v2\/media\/1339"}],"wp:attachment":[{"href":"http:\/\/bicishop.com.ec\/appweb\/wp-json\/wp\/v2\/media?parent=1318"}],"wp:term":[{"taxonomy":"category","embeddable":true,"href":"http:\/\/bicishop.com.ec\/appweb\/wp-json\/wp\/v2\/categories?post=1318"},{"taxonomy":"post_tag","embeddable":true,"href":"http:\/\/bicishop.com.ec\/appweb\/wp-json\/wp\/v2\/tags?post=1318"}],"curies":[{"name":"wp","href":"https:\/\/api.w.org\/{rel}","templated":true}]}}